{"id":130,"date":"2014-08-25T22:35:59","date_gmt":"2014-08-25T21:35:59","guid":{"rendered":"http:\/\/tah.asso.fr\/?p=130"},"modified":"2018-10-18T14:57:17","modified_gmt":"2018-10-18T13:57:17","slug":"nouvelle-saison-rdv-en-2015","status":"publish","type":"post","link":"https:\/\/tah.asso.fr\/?p=130","title":{"rendered":"Nouvelle saison : rdv en 2015 !"},"content":{"rendered":"<p>Liewe theaterfriend,<\/p>\n<p>Le TAH vous donne rdv pour sa nouvelle saison, non pas en novembre, mais en janvier 2015 ! Et oui changement de dates, mais rires et bons moments sont au rdv ! Nous vous invitons \u00e0 nous retrouver les 10, 11, 16, 17 et 18 janvier 2015. Afin de vous mettre l&rsquo;eau \u00e0 la bouche, voici quelques infos sur notre pi\u00e8ce&#8230;<\/p>\n<blockquote><p><em>G&rsquo;schnappt il netz, com\u00e9die d&rsquo;Armand LAURENT, d&rsquo;apr\u00e8s \u00ab\u00a0Caught in the net\u00a0\u00bb de Ray COONEY est une pi\u00e8ce en 2 actes. Cette com\u00e9die raconte l&rsquo;histoire de Claude SCHMITT, mari\u00e9 \u00e0 deux femmes, Marie \u00e0 Haguenau et \u00c9lisa \u00e0 Marienthal. Leurs enfants respectifs, Rita et K\u00e9vin, deux adolescents, tchatent et tweetent sur internet et se trouvent d&rsquo;\u00e9tranges points communs : les deux s&rsquo;appellent SCHMITT, leurs p\u00e8res respectifs se pr\u00e9nomment Claude et exercent la m\u00eame profession. Pour faire plus ample connaissance, ils d\u00e9cident donc de se rencontrer&#8230; Et organisent un premier rdv chez Rita \u00e0 Haguenau. Et c&rsquo;est parti pour deux heures de p\u00e9rip\u00e9ties et de chass\u00e9s-crois\u00e9s, afin d&rsquo;\u00e9viter que les ados d\u00e9couvrent qu&rsquo;ils ont le m\u00eame p\u00e8re&#8230; Avec l&rsquo;aide de son meilleur ami G\u00e9rard GAERTNER et du p\u00e8re de celui-ci, Claude arrivera-t-il \u00e0 sauver les apparences ?<\/em><\/p><\/blockquote>\n<p>Nous esp\u00e9rons vous retrouver nombreux \u00e0 l&rsquo;occasion de cette nouvelle saison !<br \/>\nA bient\u00f4t amis du th\u00e9\u00e2tre alsacien !!<\/p>\n<p>&nbsp;<\/p>\n","protected":false},"excerpt":{"rendered":"<p>Liewe theaterfriend, Le TAH vous donne rdv pour sa nouvelle saison, non pas en novembre, mais en janvier 2015 ! Et oui changement de dates, mais rires et bons moments sont au rdv ! Nous vous invitons \u00e0 nous retrouver les 10, 11, 16, 17 et 18 janvier 2015. Afin de vous mettre l&rsquo;eau \u00e0 &hellip; <\/p>\n<p><a class=\"more-link btn\" href=\"https:\/\/tah.asso.fr\/?p=130\">Lire la suite<\/a><\/p>\n","protected":false},"author":2,"featured_media":0,"comment_status":"open","ping_status":"open","sticky":false,"template":"","format":"standard","meta":{"footnotes":""},"categories":[1],"tags":[],"class_list":["post-130","post","type-post","status-publish","format-standard","hentry","category-non-classe","item-wrap"],"aioseo_notices":[],"_links":{"self":[{"href":"https:\/\/tah.asso.fr\/index.php?rest_route=\/wp\/v2\/posts\/130","targetHints":{"allow":["GET"]}}],"collection":[{"href":"https:\/\/tah.asso.fr\/index.php?rest_route=\/wp\/v2\/posts"}],"about":[{"href":"https:\/\/tah.asso.fr\/index.php?rest_route=\/wp\/v2\/types\/post"}],"author":[{"embeddable":true,"href":"https:\/\/tah.asso.fr\/index.php?rest_route=\/wp\/v2\/users\/2"}],"replies":[{"embeddable":true,"href":"https:\/\/tah.asso.fr\/index.php?rest_route=%2Fwp%2Fv2%2Fcomments&post=130"}],"version-history":[{"count":6,"href":"https:\/\/tah.asso.fr\/index.php?rest_route=\/wp\/v2\/posts\/130\/revisions"}],"predecessor-version":[{"id":163,"href":"https:\/\/tah.asso.fr\/index.php?rest_route=\/wp\/v2\/posts\/130\/revisions\/163"}],"wp:attachment":[{"href":"https:\/\/tah.asso.fr\/index.php?rest_route=%2Fwp%2Fv2%2Fmedia&parent=130"}],"wp:term":[{"taxonomy":"category","embeddable":true,"href":"https:\/\/tah.asso.fr\/index.php?rest_route=%2Fwp%2Fv2%2Fcategories&post=130"},{"taxonomy":"post_tag","embeddable":true,"href":"https:\/\/tah.asso.fr\/index.php?rest_route=%2Fwp%2Fv2%2Ftags&post=130"}],"curies":[{"name":"wp","href":"https:\/\/api.w.org\/{rel}","templated":true}]}}