{"id":150,"date":"2014-09-11T22:34:20","date_gmt":"2014-09-11T21:34:20","guid":{"rendered":"http:\/\/tah.asso.fr\/?p=150"},"modified":"2018-10-18T14:53:13","modified_gmt":"2018-10-18T13:53:13","slug":"la-mise-en-scene-en-quelques-mots","status":"publish","type":"post","link":"https:\/\/tah.asso.fr\/?p=150","title":{"rendered":"La mise en sc\u00e8ne en quelques mots&#8230;"},"content":{"rendered":"<p>Le dialecte alsacien est, para\u00eet-il, en voie de disparition !<br \/>\nL&rsquo;Alsace sera bient\u00f4t int\u00e9gr\u00e9e dans une supra r\u00e9gion qui ira de Reims \u00e0 Strasbourg. Notre histoire se perdra entre celle des rois de France sacr\u00e9s dans la cath\u00e9drale de Reims alors m\u00eame que notre r\u00e9gion \u00e9tait administr\u00e9e par le Saint Empire Romain germanique.<br \/>\nCette grande r\u00e9gion nous fera perdre encore un peu de notre \u00e2me, de notre identit\u00e9, et sans doute ce qui reste de notre dialecte. <\/p>\n<p>Mais que vient faire le theatre alsacien dans tout \u00e7a ?<br \/>\nBeaucoup ! Le th\u00e9\u00e2tre n&rsquo;est-t-il pas le meilleur symbole de la transmission d&rsquo;une langue qui n&rsquo;est pas morte, et par cons\u00e9quent l&rsquo;affirmation d&rsquo;une r\u00e9gion.<br \/>\nMais pour transmettre encore faut-t-il donner l&rsquo;envie aux jeunes de recevoir. Nous ne devons pas rester sur des th\u00e8mes \u00e9cul\u00e9s, du d\u00e9j\u00e0 vu, des fins aux morales d\u00e9pass\u00e9es.<br \/>\nNous devons \u00eatre de notre \u00e9poque, pr\u00e9senter des histoires de \u00ab\u00a0maintenant\u00a0\u00bb. Nous devons aussi montrer au jeune public que leurs pairs parlent encore l&rsquo;alsacien. Et ceci tout en fid\u00e9lisant notre public plus aguerri au dialecte. <\/p>\n<p>Vous l&rsquo;aurez compris, la pi\u00e8ce de cette ann\u00e9e r\u00e9pond \u00e0 tous ces crit\u00e8res. Deux de nos jeunes acteurs, Aur\u00e9lie et Florian (40 ans \u00e0 eux 2) vont vous emporter dans un d\u00e9lire perp\u00e9tuel. Il faudra garder les yeux sur sc\u00e8ne, ne pas d\u00e9crocher, pour suivre les tribulations de Claude Schmitt et de son ami G\u00e9rard Gartner.<\/p>\n<p>Cette histoire de \u00ab\u00a0maintenant\u00a0\u00bb (quoique, il para\u00eet qu&rsquo;un ancien chef d&rsquo;\u00c9tat&#8230;) nous entra\u00eene dans les m\u00e9andres d&rsquo;une double vie, d&rsquo;une double union, d&rsquo;une double naissance.<br \/>\nEt comme tout est doubl\u00e9, la sc\u00e8ne l&rsquo;est aussi : 2 maisons, 2 entr\u00e9es, 2 chambres,etc., mais un seul et unique Claude Schmitt !!<\/p>\n<p>Cette pi\u00e8ce vous rejouira, laissez-vous emporter dans le tourbillon de folie mis en page par l&rsquo;incontournable Armand Laurent, un de nos auteurs traducteurs f\u00e9tiches. Et comme on dit si bien : \u00ab\u00a0toute ressemblance avec des personnes existantes ou ayant exist\u00e9, serait purement fortuite&#8230;\u00a0\u00bb<\/p>\n<p>Venez nous voir, emmenez vos proches, prouvez que le dialecte alsacien a encore de beaux jours devant lui, et peut \u00eatre qu&rsquo;un jour le TAH pourra se pr\u00e9senter pour une repr\u00e9sentation dans le th\u00e9\u00e2tre de&#8230;.Reims.<\/p>\n<p>Christian Roth<\/p>\n","protected":false},"excerpt":{"rendered":"<p>Le dialecte alsacien est, para\u00eet-il, en voie de disparition ! L&rsquo;Alsace sera bient\u00f4t int\u00e9gr\u00e9e dans une supra r\u00e9gion qui ira de Reims \u00e0 Strasbourg. Notre histoire se perdra entre celle des rois de France sacr\u00e9s dans la cath\u00e9drale de Reims alors m\u00eame que notre r\u00e9gion \u00e9tait administr\u00e9e par le Saint Empire Romain germanique. Cette grande &hellip; <\/p>\n<p><a class=\"more-link btn\" href=\"https:\/\/tah.asso.fr\/?p=150\">Lire la suite<\/a><\/p>\n","protected":false},"author":2,"featured_media":0,"comment_status":"open","ping_status":"open","sticky":false,"template":"","format":"standard","meta":{"footnotes":""},"categories":[1],"tags":[],"class_list":["post-150","post","type-post","status-publish","format-standard","hentry","category-non-classe","item-wrap"],"aioseo_notices":[],"_links":{"self":[{"href":"https:\/\/tah.asso.fr\/index.php?rest_route=\/wp\/v2\/posts\/150","targetHints":{"allow":["GET"]}}],"collection":[{"href":"https:\/\/tah.asso.fr\/index.php?rest_route=\/wp\/v2\/posts"}],"about":[{"href":"https:\/\/tah.asso.fr\/index.php?rest_route=\/wp\/v2\/types\/post"}],"author":[{"embeddable":true,"href":"https:\/\/tah.asso.fr\/index.php?rest_route=\/wp\/v2\/users\/2"}],"replies":[{"embeddable":true,"href":"https:\/\/tah.asso.fr\/index.php?rest_route=%2Fwp%2Fv2%2Fcomments&post=150"}],"version-history":[{"count":1,"href":"https:\/\/tah.asso.fr\/index.php?rest_route=\/wp\/v2\/posts\/150\/revisions"}],"predecessor-version":[{"id":151,"href":"https:\/\/tah.asso.fr\/index.php?rest_route=\/wp\/v2\/posts\/150\/revisions\/151"}],"wp:attachment":[{"href":"https:\/\/tah.asso.fr\/index.php?rest_route=%2Fwp%2Fv2%2Fmedia&parent=150"}],"wp:term":[{"taxonomy":"category","embeddable":true,"href":"https:\/\/tah.asso.fr\/index.php?rest_route=%2Fwp%2Fv2%2Fcategories&post=150"},{"taxonomy":"post_tag","embeddable":true,"href":"https:\/\/tah.asso.fr\/index.php?rest_route=%2Fwp%2Fv2%2Ftags&post=150"}],"curies":[{"name":"wp","href":"https:\/\/api.w.org\/{rel}","templated":true}]}}