{"id":2262,"date":"2026-09-03T09:53:02","date_gmt":"2026-09-03T08:53:02","guid":{"rendered":"https:\/\/tah.asso.fr\/?p=2262"},"modified":"2026-09-03T13:40:57","modified_gmt":"2026-09-03T12:40:57","slug":"50eme-saison-kenn-panik-es-brannt","status":"publish","type":"post","link":"https:\/\/tah.asso.fr\/?p=2262","title":{"rendered":"50\u00e8me SAISON: \u00ab\u00a0KENN PANIK ES BR\u00c4NNT\u00a0\u00bb"},"content":{"rendered":"\n<h2 class=\"wp-block-heading has-text-align-center\">50 saisons d&rsquo;histoire, de passion et de fous rires\u2026 Et l&rsquo;aventure continue ! En janvier prochain, le Th\u00e9\u00e2tre Alsacien de Haguenau vous donne rendez-vous pour une nouvelle pi\u00e8ce qui promet de vous faire passer un moment inoubliable.<\/h2>\n\n\n\n<p class=\"wp-block-paragraph\"><\/p>\n\n\n\n<p class=\"wp-block-paragraph\">Nous vous pr\u00e9sentons \u00ab KENN PANIK ES BR\u00c4NNT \u00bb, une com\u00e9die en trois actes de Christian ROTH, traduite et adapt\u00e9e en alsacien d\u2019apr\u00e8s \u00ab PAS DE PANIQUE, Y A LE FEU \u00bb de Gilbert LERICHE.<\/p>\n\n\n\n<blockquote class=\"wp-block-quote is-layout-flow wp-block-quote-is-layout-flow\">\n<p class=\"has-text-align-center wp-block-paragraph\">Suite au d\u00e9c\u00e8s de son p\u00e8re, Claude, enfant adopt\u00e9 \u00e0 la naissance par une branche am\u00e9ricaine de la famille Richilitt, d\u00e9couvre qu&rsquo;il est h\u00e9ritier d&rsquo;une des plus grosses fortunes de France.<\/p>\n\n\n\n<p class=\"has-text-align-center wp-block-paragraph\">\u00c0 peine d\u00e9barqu\u00e9 dans l&rsquo;Hexagone, il est enlev\u00e9 par des gangsters qui croient avoir affaire \u00e0 son fr\u00e8re Alain.<\/p>\n\n\n\n<p class=\"has-text-align-center wp-block-paragraph\">Ils ignorent, comme tout un chacun, qu&rsquo;Alain a un jumeau, d&rsquo;autant que la m\u00e8re, madame veuve Richilitt, a toujours cach\u00e9 son existence pour ne pas diviser la fortune familiale.<\/p>\n\n\n\n<p class=\"has-text-align-center wp-block-paragraph\">D\u00e8s lors, les quiproquos s&rsquo;encha\u00eenent, suite \u00e0 des \u00e9vasions rocambolesques, les kidnappeurs se retrouvent tour \u00e0 tour en pr\u00e9sence d&rsquo;Alain ou de Claude et font face \u00e0 une m\u00e8re avare et odieuse qui s&rsquo;obstine \u00e0 ne pas payer la ran\u00e7on!<\/p>\n\n\n\n<p class=\"has-text-align-center wp-block-paragraph\">L&rsquo;ami d&rsquo;Alain, G\u00e9rard, parviendra-t-il \u00e0 surmonter sa l\u00e2chet\u00e9 pour aider Alain et Claude \u00e0 \u00e9chapper \u00e0 cette bande de pieds nickel\u00e9s ? La seule chose qui est certaine, c&rsquo;est que rien n&rsquo;est moins s\u00fbr&#8230;<\/p>\n<\/blockquote>\n\n\n<div class=\"wp-block-image\">\n<figure class=\"aligncenter\"><img loading=\"lazy\" decoding=\"async\" width=\"1587\" height=\"2245\" src=\"https:\/\/tah.asso.fr\/wp-content\/uploads\/2026\/09\/Affiche-TAH.png\" alt=\"\" class=\"wp-image-2263\" srcset=\"https:\/\/tah.asso.fr\/wp-content\/uploads\/2026\/09\/Affiche-TAH.png 1587w, https:\/\/tah.asso.fr\/wp-content\/uploads\/2026\/09\/Affiche-TAH-212x300.png 212w, https:\/\/tah.asso.fr\/wp-content\/uploads\/2026\/09\/Affiche-TAH-724x1024.png 724w, https:\/\/tah.asso.fr\/wp-content\/uploads\/2026\/09\/Affiche-TAH-768x1086.png 768w, https:\/\/tah.asso.fr\/wp-content\/uploads\/2026\/09\/Affiche-TAH-1086x1536.png 1086w, https:\/\/tah.asso.fr\/wp-content\/uploads\/2026\/09\/Affiche-TAH-1448x2048.png 1448w, https:\/\/tah.asso.fr\/wp-content\/uploads\/2026\/09\/Affiche-TAH-945x1337.png 945w\" sizes=\"auto, (max-width: 1587px) 100vw, 1587px\" \/><\/figure>\n<\/div>\n\n\n<p class=\"wp-block-paragraph\">Les repr\u00e9sentations auront lieu aux dates suivantes :<\/p>\n\n\n\n<p class=\"wp-block-paragraph\"><strong>\u2013 Le samedi 9 janvier 2027 \u00e0 20h00<br>\u2013 Le dimanche 10 janvier 2027 \u00e0 14h30<br>\u2013 Le vendredi 15 janvier 2027 \u00e0 20h00<br>\u2013 Le samedi 16 janvier 2027 \u00e0 20h00<br>\u2013 Le dimanche 17 janvier 2027 \u00e0 14h30<\/strong><\/p>\n\n\n\n<p class=\"has-text-align-center wp-block-paragraph\"><strong>VOUS POURREZ R\u00c9SERVER VOS BILLETS DES LE 02 NOVEMBRE 2026<\/strong><\/p>\n\n\n\n<p class=\"has-text-align-center wp-block-paragraph\"><strong>LE R\u00c9GLEMENT SERA N\u00c9CESSAIRE AFIN DE VALIDER VOTRE R\u00c9SERVATION<\/strong><\/p>\n\n\n\n<p class=\"has-text-align-center has-larger-font-size wp-block-paragraph\"><em><a href=\"https:\/\/tah.asso.fr\/wp-content\/uploads\/2026\/04\/Plan-theatre.pdf\" target=\"_blank\" rel=\"noopener\" title=\"\">Plan du Th\u00e9\u00e2tre<\/a><\/em><\/p>\n\n\n\n<p class=\"has-text-align-center wp-block-paragraph\"><strong>MAIL : t.a.haguenau@gmail.com<\/strong><\/p>\n\n\n\n<p class=\"has-text-align-center wp-block-paragraph\"><strong>TELEPHONE 06.95.71.34.10<\/strong><\/p>\n\n\n\n<p class=\"has-text-align-center wp-block-paragraph\"><strong>MONETICO <a href=\"https:\/\/www.monetico-online-asso.com\/tah\/kennpanikesbrannt\">https:\/\/www.monetico-online-asso.com\/tah\/kennpanikesbrannt<\/a><\/strong> <\/p>\n\n\n\n<p class=\"has-text-align-center wp-block-paragraph\"><strong>PERMANENCES AU RELAIS CULTUREL (11 rue Meyer) de 14h \u00e0 17h30 aux dates donn\u00e9es ult\u00e9rieurement<\/strong><\/p>\n\n\n\n<p class=\"has-text-align-center has-luminous-vivid-amber-color has-text-color has-link-color wp-elements-1 wp-block-paragraph\"><strong>Zone A :&nbsp;16 \u20ac<\/strong>&nbsp;(premier balcon)<\/p>\n\n\n\n<p class=\"has-text-align-center has-vivid-cyan-blue-color has-text-color has-link-color wp-elements-2 wp-block-paragraph\"><strong>Zone B :&nbsp;14 \u20ac<\/strong>&nbsp;(majoritairement parterre et deuxi\u00e8me balcon)<\/p>\n\n\n\n<p class=\"has-text-align-center has-vivid-green-cyan-color has-text-color has-link-color wp-elements-3 wp-block-paragraph\"><strong>Zone C : 10 \u20ac<\/strong>&nbsp;(majoritairement strapontins)<\/p>\n\n\n\n<p class=\"has-text-align-center wp-block-paragraph\"><strong>Demi-tarif pour les moins de 16 ans<\/strong>&nbsp;<strong>HORS HAGUENAU<\/strong>&nbsp;(sur pr\u00e9sentation d\u2019un justificatif)<\/p>\n\n\n\n<p class=\"has-text-align-center wp-block-paragraph\"><strong>GRATUIT pour les\u00a0moins de 25 ANS HABITANT HAGUENAU<\/strong>\u00a0(sur pr\u00e9sentation d\u2019un justificatif)<\/p>\n\n\n\n<p class=\"has-text-align-center wp-block-paragraph\"><strong>BILLETS GRATUITS POUR LES PERSONNES DE PLUS DE 65 ANS HABITANT HAGUENAU SERONT A RETIRER AU RELAIS CULTUREL<\/strong>\u00a0<strong>AUX DATES DONNEES ULTERIEUREMENT<\/strong><\/p>\n\n\n\n<p class=\"wp-block-paragraph\"><\/p>\n","protected":false},"excerpt":{"rendered":"<p>50 saisons d&rsquo;histoire, de passion et de fous rires\u2026 Et l&rsquo;aventure continue ! En janvier prochain, le Th\u00e9\u00e2tre Alsacien de Haguenau vous donne rendez-vous pour une nouvelle pi\u00e8ce qui promet de vous faire passer un moment inoubliable. Nous vous pr\u00e9sentons \u00ab KENN PANIK ES BR\u00c4NNT \u00bb, une com\u00e9die en trois actes de Christian ROTH, traduite &hellip; <\/p>\n<p><a class=\"more-link btn\" href=\"https:\/\/tah.asso.fr\/?p=2262\">Lire la suite<\/a><\/p>\n","protected":false},"author":2,"featured_media":0,"comment_status":"closed","ping_status":"closed","sticky":false,"template":"","format":"standard","meta":{"footnotes":""},"categories":[1],"tags":[],"class_list":["post-2262","post","type-post","status-publish","format-standard","hentry","category-non-classe","item-wrap"],"aioseo_notices":[],"aioseo_head":"\n\t\t<!-- All in One SEO 4.9.9 - aioseo.com -->\n\t<meta name=\"description\" content=\"50 saisons d&#039;histoire, de passion et de fous rires\u2026 Et l&#039;aventure continue ! En janvier prochain, le Th\u00e9\u00e2tre Alsacien de Haguenau vous donne rendez-vous pour une nouvelle pi\u00e8ce qui promet de vous faire passer un moment inoubliable. Nous vous pr\u00e9sentons \u00ab KENN PANIK ES BR\u00c4NNT \u00bb, une com\u00e9die en trois actes de Christian ROTH, traduite\" \/>\n\t<meta name=\"robots\" content=\"max-image-preview:large\" \/>\n\t<meta name=\"author\" content=\"Th\u00e9\u00e2tre Alsacien de Haguenau\"\/>\n\t<link rel=\"canonical\" href=\"https:\/\/tah.asso.fr\/?p=2262\" \/>\n\t<meta name=\"generator\" content=\"All in One SEO (AIOSEO) 4.9.9\" \/>\n\t\t<meta property=\"og:locale\" content=\"fr_FR\" \/>\n\t\t<meta property=\"og:site_name\" content=\"Th\u00e9\u00e2tre Alsacien de Haguenau -\" \/>\n\t\t<meta property=\"og:type\" content=\"article\" \/>\n\t\t<meta property=\"og:title\" content=\"50\u00e8me SAISON: \u00ab KENN PANIK ES BR\u00c4NNT \u00bb - Th\u00e9\u00e2tre Alsacien de Haguenau\" \/>\n\t\t<meta property=\"og:description\" content=\"50 saisons d&#039;histoire, de passion et de fous rires\u2026 Et l&#039;aventure continue ! En janvier prochain, le Th\u00e9\u00e2tre Alsacien de Haguenau vous donne rendez-vous pour une nouvelle pi\u00e8ce qui promet de vous faire passer un moment inoubliable. Nous vous pr\u00e9sentons \u00ab KENN PANIK ES BR\u00c4NNT \u00bb, une com\u00e9die en trois actes de Christian ROTH, traduite\" \/>\n\t\t<meta property=\"og:url\" content=\"https:\/\/tah.asso.fr\/?p=2262\" \/>\n\t\t<meta property=\"article:published_time\" content=\"2026-09-03T08:53:02+00:00\" \/>\n\t\t<meta property=\"article:modified_time\" content=\"2026-09-03T12:40:57+00:00\" \/>\n\t\t<meta name=\"twitter:card\" content=\"summary_large_image\" \/>\n\t\t<meta name=\"twitter:title\" content=\"50\u00e8me SAISON: \u00ab KENN PANIK ES BR\u00c4NNT \u00bb - Th\u00e9\u00e2tre Alsacien de Haguenau\" \/>\n\t\t<meta name=\"twitter:description\" content=\"50 saisons d&#039;histoire, de passion et de fous rires\u2026 Et l&#039;aventure continue ! En janvier prochain, le Th\u00e9\u00e2tre Alsacien de Haguenau vous donne rendez-vous pour une nouvelle pi\u00e8ce qui promet de vous faire passer un moment inoubliable. Nous vous pr\u00e9sentons \u00ab KENN PANIK ES BR\u00c4NNT \u00bb, une com\u00e9die en trois actes de Christian ROTH, traduite\" \/>\n\t\t<script type=\"application\/ld+json\" class=\"aioseo-schema\">\n\t\t\t{\"@context\":\"https:\\\/\\\/schema.org\",\"@graph\":[{\"@type\":\"BlogPosting\",\"@id\":\"https:\\\/\\\/tah.asso.fr\\\/?p=2262#blogposting\",\"name\":\"50\\u00e8me SAISON: \\u00ab KENN PANIK ES BR\\u00c4NNT \\u00bb - Th\\u00e9\\u00e2tre Alsacien de Haguenau\",\"headline\":\"50\\u00e8me SAISON: \\u00ab\\u00a0KENN PANIK ES BR\\u00c4NNT\\u00a0\\u00bb\",\"author\":{\"@id\":\"https:\\\/\\\/tah.asso.fr\\\/?author=2#author\"},\"publisher\":{\"@id\":\"https:\\\/\\\/tah.asso.fr\\\/#organization\"},\"image\":{\"@type\":\"ImageObject\",\"url\":\"https:\\\/\\\/tah.asso.fr\\\/wp-content\\\/uploads\\\/2026\\\/09\\\/Affiche-TAH.png\",\"@id\":\"https:\\\/\\\/tah.asso.fr\\\/?p=2262\\\/#articleImage\",\"width\":1587,\"height\":2245},\"datePublished\":\"2026-09-03T09:53:02+01:00\",\"dateModified\":\"2026-09-03T13:40:57+01:00\",\"inLanguage\":\"fr-FR\",\"mainEntityOfPage\":{\"@id\":\"https:\\\/\\\/tah.asso.fr\\\/?p=2262#webpage\"},\"isPartOf\":{\"@id\":\"https:\\\/\\\/tah.asso.fr\\\/?p=2262#webpage\"},\"articleSection\":\"Non class\\u00e9\"},{\"@type\":\"BreadcrumbList\",\"@id\":\"https:\\\/\\\/tah.asso.fr\\\/?p=2262#breadcrumblist\",\"itemListElement\":[{\"@type\":\"ListItem\",\"@id\":\"https:\\\/\\\/tah.asso.fr#listItem\",\"position\":1,\"name\":\"Home\",\"item\":\"https:\\\/\\\/tah.asso.fr\",\"nextItem\":{\"@type\":\"ListItem\",\"@id\":\"https:\\\/\\\/tah.asso.fr\\\/?cat=1#listItem\",\"name\":\"Non class\\u00e9\"}},{\"@type\":\"ListItem\",\"@id\":\"https:\\\/\\\/tah.asso.fr\\\/?cat=1#listItem\",\"position\":2,\"name\":\"Non class\\u00e9\",\"item\":\"https:\\\/\\\/tah.asso.fr\\\/?cat=1\",\"nextItem\":{\"@type\":\"ListItem\",\"@id\":\"https:\\\/\\\/tah.asso.fr\\\/?p=2262#listItem\",\"name\":\"50\\u00e8me SAISON: \\u00ab\\u00a0KENN PANIK ES BR\\u00c4NNT\\u00a0\\u00bb\"},\"previousItem\":{\"@type\":\"ListItem\",\"@id\":\"https:\\\/\\\/tah.asso.fr#listItem\",\"name\":\"Home\"}},{\"@type\":\"ListItem\",\"@id\":\"https:\\\/\\\/tah.asso.fr\\\/?p=2262#listItem\",\"position\":3,\"name\":\"50\\u00e8me SAISON: \\u00ab\\u00a0KENN PANIK ES BR\\u00c4NNT\\u00a0\\u00bb\",\"previousItem\":{\"@type\":\"ListItem\",\"@id\":\"https:\\\/\\\/tah.asso.fr\\\/?cat=1#listItem\",\"name\":\"Non class\\u00e9\"}}]},{\"@type\":\"Organization\",\"@id\":\"https:\\\/\\\/tah.asso.fr\\\/#organization\",\"name\":\"Th\\u00e9\\u00e2tre Alsacien de Haguenau\",\"url\":\"https:\\\/\\\/tah.asso.fr\\\/\"},{\"@type\":\"Person\",\"@id\":\"https:\\\/\\\/tah.asso.fr\\\/?author=2#author\",\"url\":\"https:\\\/\\\/tah.asso.fr\\\/?author=2\",\"name\":\"Th\\u00e9\\u00e2tre Alsacien de Haguenau\",\"image\":{\"@type\":\"ImageObject\",\"@id\":\"https:\\\/\\\/tah.asso.fr\\\/?p=2262#authorImage\",\"url\":\"https:\\\/\\\/secure.gravatar.com\\\/avatar\\\/165bfd91ad2476f2f3ab223ff81bc4f2a9a48b817a532a2ab251ace720d95e88?s=96&d=mm&r=g\",\"width\":96,\"height\":96,\"caption\":\"Th\\u00e9\\u00e2tre Alsacien de Haguenau\"}},{\"@type\":\"WebPage\",\"@id\":\"https:\\\/\\\/tah.asso.fr\\\/?p=2262#webpage\",\"url\":\"https:\\\/\\\/tah.asso.fr\\\/?p=2262\",\"name\":\"50\\u00e8me SAISON: \\u00ab KENN PANIK ES BR\\u00c4NNT \\u00bb - Th\\u00e9\\u00e2tre Alsacien de Haguenau\",\"description\":\"50 saisons d'histoire, de passion et de fous rires\\u2026 Et l'aventure continue ! En janvier prochain, le Th\\u00e9\\u00e2tre Alsacien de Haguenau vous donne rendez-vous pour une nouvelle pi\\u00e8ce qui promet de vous faire passer un moment inoubliable. Nous vous pr\\u00e9sentons \\u00ab KENN PANIK ES BR\\u00c4NNT \\u00bb, une com\\u00e9die en trois actes de Christian ROTH, traduite\",\"inLanguage\":\"fr-FR\",\"isPartOf\":{\"@id\":\"https:\\\/\\\/tah.asso.fr\\\/#website\"},\"breadcrumb\":{\"@id\":\"https:\\\/\\\/tah.asso.fr\\\/?p=2262#breadcrumblist\"},\"author\":{\"@id\":\"https:\\\/\\\/tah.asso.fr\\\/?author=2#author\"},\"creator\":{\"@id\":\"https:\\\/\\\/tah.asso.fr\\\/?author=2#author\"},\"datePublished\":\"2026-09-03T09:53:02+01:00\",\"dateModified\":\"2026-09-03T13:40:57+01:00\"},{\"@type\":\"WebSite\",\"@id\":\"https:\\\/\\\/tah.asso.fr\\\/#website\",\"url\":\"https:\\\/\\\/tah.asso.fr\\\/\",\"name\":\"Th\\u00e9\\u00e2tre Alsacien de Haguenau\",\"inLanguage\":\"fr-FR\",\"publisher\":{\"@id\":\"https:\\\/\\\/tah.asso.fr\\\/#organization\"}}]}\n\t\t<\/script>\n\t\t<!-- All in One SEO -->\n\n","aioseo_head_json":{"title":"50\u00e8me SAISON: \u00ab KENN PANIK ES BR\u00c4NNT \u00bb - Th\u00e9\u00e2tre Alsacien de Haguenau","description":"50 saisons d'histoire, de passion et de fous rires\u2026 Et l'aventure continue ! En janvier prochain, le Th\u00e9\u00e2tre Alsacien de Haguenau vous donne rendez-vous pour une nouvelle pi\u00e8ce qui promet de vous faire passer un moment inoubliable. Nous vous pr\u00e9sentons \u00ab KENN PANIK ES BR\u00c4NNT \u00bb, une com\u00e9die en trois actes de Christian ROTH, traduite","canonical_url":"https:\/\/tah.asso.fr\/?p=2262","robots":"max-image-preview:large","keywords":"","webmasterTools":{"miscellaneous":""},"schema":{"@context":"https:\/\/schema.org","@graph":[{"@type":"BlogPosting","@id":"https:\/\/tah.asso.fr\/?p=2262#blogposting","name":"50\u00e8me SAISON: \u00ab KENN PANIK ES BR\u00c4NNT \u00bb - Th\u00e9\u00e2tre Alsacien de Haguenau","headline":"50\u00e8me SAISON: \u00ab\u00a0KENN PANIK ES BR\u00c4NNT\u00a0\u00bb","author":{"@id":"https:\/\/tah.asso.fr\/?author=2#author"},"publisher":{"@id":"https:\/\/tah.asso.fr\/#organization"},"image":{"@type":"ImageObject","url":"https:\/\/tah.asso.fr\/wp-content\/uploads\/2026\/09\/Affiche-TAH.png","@id":"https:\/\/tah.asso.fr\/?p=2262\/#articleImage","width":1587,"height":2245},"datePublished":"2026-09-03T09:53:02+01:00","dateModified":"2026-09-03T13:40:57+01:00","inLanguage":"fr-FR","mainEntityOfPage":{"@id":"https:\/\/tah.asso.fr\/?p=2262#webpage"},"isPartOf":{"@id":"https:\/\/tah.asso.fr\/?p=2262#webpage"},"articleSection":"Non class\u00e9"},{"@type":"BreadcrumbList","@id":"https:\/\/tah.asso.fr\/?p=2262#breadcrumblist","itemListElement":[{"@type":"ListItem","@id":"https:\/\/tah.asso.fr#listItem","position":1,"name":"Home","item":"https:\/\/tah.asso.fr","nextItem":{"@type":"ListItem","@id":"https:\/\/tah.asso.fr\/?cat=1#listItem","name":"Non class\u00e9"}},{"@type":"ListItem","@id":"https:\/\/tah.asso.fr\/?cat=1#listItem","position":2,"name":"Non class\u00e9","item":"https:\/\/tah.asso.fr\/?cat=1","nextItem":{"@type":"ListItem","@id":"https:\/\/tah.asso.fr\/?p=2262#listItem","name":"50\u00e8me SAISON: \u00ab\u00a0KENN PANIK ES BR\u00c4NNT\u00a0\u00bb"},"previousItem":{"@type":"ListItem","@id":"https:\/\/tah.asso.fr#listItem","name":"Home"}},{"@type":"ListItem","@id":"https:\/\/tah.asso.fr\/?p=2262#listItem","position":3,"name":"50\u00e8me SAISON: \u00ab\u00a0KENN PANIK ES BR\u00c4NNT\u00a0\u00bb","previousItem":{"@type":"ListItem","@id":"https:\/\/tah.asso.fr\/?cat=1#listItem","name":"Non class\u00e9"}}]},{"@type":"Organization","@id":"https:\/\/tah.asso.fr\/#organization","name":"Th\u00e9\u00e2tre Alsacien de Haguenau","url":"https:\/\/tah.asso.fr\/"},{"@type":"Person","@id":"https:\/\/tah.asso.fr\/?author=2#author","url":"https:\/\/tah.asso.fr\/?author=2","name":"Th\u00e9\u00e2tre Alsacien de Haguenau","image":{"@type":"ImageObject","@id":"https:\/\/tah.asso.fr\/?p=2262#authorImage","url":"https:\/\/secure.gravatar.com\/avatar\/165bfd91ad2476f2f3ab223ff81bc4f2a9a48b817a532a2ab251ace720d95e88?s=96&d=mm&r=g","width":96,"height":96,"caption":"Th\u00e9\u00e2tre Alsacien de Haguenau"}},{"@type":"WebPage","@id":"https:\/\/tah.asso.fr\/?p=2262#webpage","url":"https:\/\/tah.asso.fr\/?p=2262","name":"50\u00e8me SAISON: \u00ab KENN PANIK ES BR\u00c4NNT \u00bb - Th\u00e9\u00e2tre Alsacien de Haguenau","description":"50 saisons d'histoire, de passion et de fous rires\u2026 Et l'aventure continue ! En janvier prochain, le Th\u00e9\u00e2tre Alsacien de Haguenau vous donne rendez-vous pour une nouvelle pi\u00e8ce qui promet de vous faire passer un moment inoubliable. Nous vous pr\u00e9sentons \u00ab KENN PANIK ES BR\u00c4NNT \u00bb, une com\u00e9die en trois actes de Christian ROTH, traduite","inLanguage":"fr-FR","isPartOf":{"@id":"https:\/\/tah.asso.fr\/#website"},"breadcrumb":{"@id":"https:\/\/tah.asso.fr\/?p=2262#breadcrumblist"},"author":{"@id":"https:\/\/tah.asso.fr\/?author=2#author"},"creator":{"@id":"https:\/\/tah.asso.fr\/?author=2#author"},"datePublished":"2026-09-03T09:53:02+01:00","dateModified":"2026-09-03T13:40:57+01:00"},{"@type":"WebSite","@id":"https:\/\/tah.asso.fr\/#website","url":"https:\/\/tah.asso.fr\/","name":"Th\u00e9\u00e2tre Alsacien de Haguenau","inLanguage":"fr-FR","publisher":{"@id":"https:\/\/tah.asso.fr\/#organization"}}]},"og:locale":"fr_FR","og:site_name":"Th\u00e9\u00e2tre Alsacien de Haguenau -","og:type":"article","og:title":"50\u00e8me SAISON: \u00ab KENN PANIK ES BR\u00c4NNT \u00bb - Th\u00e9\u00e2tre Alsacien de Haguenau","og:description":"50 saisons d'histoire, de passion et de fous rires\u2026 Et l'aventure continue ! En janvier prochain, le Th\u00e9\u00e2tre Alsacien de Haguenau vous donne rendez-vous pour une nouvelle pi\u00e8ce qui promet de vous faire passer un moment inoubliable. Nous vous pr\u00e9sentons \u00ab KENN PANIK ES BR\u00c4NNT \u00bb, une com\u00e9die en trois actes de Christian ROTH, traduite","og:url":"https:\/\/tah.asso.fr\/?p=2262","article:published_time":"2026-09-03T08:53:02+00:00","article:modified_time":"2026-09-03T12:40:57+00:00","twitter:card":"summary_large_image","twitter:title":"50\u00e8me SAISON: \u00ab KENN PANIK ES BR\u00c4NNT \u00bb - Th\u00e9\u00e2tre Alsacien de Haguenau","twitter:description":"50 saisons d'histoire, de passion et de fous rires\u2026 Et l'aventure continue ! En janvier prochain, le Th\u00e9\u00e2tre Alsacien de Haguenau vous donne rendez-vous pour une nouvelle pi\u00e8ce qui promet de vous faire passer un moment inoubliable. Nous vous pr\u00e9sentons \u00ab KENN PANIK ES BR\u00c4NNT \u00bb, une com\u00e9die en trois actes de Christian ROTH, traduite"},"aioseo_meta_data":{"post_id":"2262","title":null,"description":null,"keywords":null,"keyphrases":{"focus":{"keyphrase":"","score":0,"analysis":{"keyphraseInTitle":{"score":0,"maxScore":9,"error":1}}},"additional":[]},"primary_term":null,"canonical_url":null,"og_title":null,"og_description":null,"og_object_type":"default","og_image_type":"default","og_image_url":null,"og_image_width":null,"og_image_height":null,"og_image_custom_url":null,"og_image_custom_fields":null,"og_video":"","og_custom_url":null,"og_article_section":null,"og_article_tags":null,"twitter_use_og":false,"twitter_card":"default","twitter_image_type":"default","twitter_image_url":null,"twitter_image_custom_url":null,"twitter_image_custom_fields":null,"twitter_title":null,"twitter_description":null,"schema":{"blockGraphs":[],"customGraphs":[],"default":{"data":{"Article":[],"Course":[],"Dataset":[],"FAQPage":[],"Movie":[],"Person":[],"Product":[],"ProductReview":[],"Car":[],"Recipe":[],"Service":[],"SoftwareApplication":[],"WebPage":[]},"graphName":"BlogPosting","isEnabled":true},"graphs":[]},"schema_type":"default","schema_type_options":null,"pillar_content":false,"robots_default":true,"robots_noindex":false,"robots_noarchive":false,"robots_nosnippet":false,"robots_nofollow":false,"robots_noimageindex":false,"robots_noodp":false,"robots_notranslate":false,"robots_max_snippet":"-1","robots_max_videopreview":"-1","robots_max_imagepreview":"large","priority":null,"frequency":"default","local_seo":null,"breadcrumb_settings":null,"limit_modified_date":false,"ai":{"faqs":[],"keyPoints":[],"schemas":[],"titles":[],"descriptions":[],"socialPosts":{"email":{"subject":"","preview":"","content":""},"linkedin":[],"twitter":[],"facebook":[],"instagram":[]}},"created":"2026-09-03 08:53:02","updated":"2026-09-03 20:53:21","seo_analyzer_scan_date":null},"aioseo_breadcrumb":"<div class=\"aioseo-breadcrumbs\"><span class=\"aioseo-breadcrumb\">\n\t\t\t<a href=\"https:\/\/tah.asso.fr\" title=\"Home\">Home<\/a>\n\t\t<\/span><span class=\"aioseo-breadcrumb-separator\">&raquo;<\/span><span class=\"aioseo-breadcrumb\">\n\t\t\t<a href=\"https:\/\/tah.asso.fr\/?cat=1\" title=\"Non class\u00e9\">Non class\u00e9<\/a>\n\t\t<\/span><span class=\"aioseo-breadcrumb-separator\">&raquo;<\/span><span class=\"aioseo-breadcrumb\">\n\t\t\t50\u00e8me SAISON: \u00ab KENN PANIK ES BR\u00c4NNT \u00bb\n\t\t<\/span><\/div>","aioseo_breadcrumb_json":[{"label":"Home","link":"https:\/\/tah.asso.fr"},{"label":"Non class\u00e9","link":"https:\/\/tah.asso.fr\/?cat=1"},{"label":"50\u00e8me SAISON: \u00ab\u00a0KENN PANIK ES BR\u00c4NNT\u00a0\u00bb","link":"https:\/\/tah.asso.fr\/?p=2262"}],"_links":{"self":[{"href":"https:\/\/tah.asso.fr\/index.php?rest_route=\/wp\/v2\/posts\/2262","targetHints":{"allow":["GET"]}}],"collection":[{"href":"https:\/\/tah.asso.fr\/index.php?rest_route=\/wp\/v2\/posts"}],"about":[{"href":"https:\/\/tah.asso.fr\/index.php?rest_route=\/wp\/v2\/types\/post"}],"author":[{"embeddable":true,"href":"https:\/\/tah.asso.fr\/index.php?rest_route=\/wp\/v2\/users\/2"}],"replies":[{"embeddable":true,"href":"https:\/\/tah.asso.fr\/index.php?rest_route=%2Fwp%2Fv2%2Fcomments&post=2262"}],"version-history":[{"count":10,"href":"https:\/\/tah.asso.fr\/index.php?rest_route=\/wp\/v2\/posts\/2262\/revisions"}],"predecessor-version":[{"id":2275,"href":"https:\/\/tah.asso.fr\/index.php?rest_route=\/wp\/v2\/posts\/2262\/revisions\/2275"}],"wp:attachment":[{"href":"https:\/\/tah.asso.fr\/index.php?rest_route=%2Fwp%2Fv2%2Fmedia&parent=2262"}],"wp:term":[{"taxonomy":"category","embeddable":true,"href":"https:\/\/tah.asso.fr\/index.php?rest_route=%2Fwp%2Fv2%2Fcategories&post=2262"},{"taxonomy":"post_tag","embeddable":true,"href":"https:\/\/tah.asso.fr\/index.php?rest_route=%2Fwp%2Fv2%2Ftags&post=2262"}],"curies":[{"name":"wp","href":"https:\/\/api.w.org\/{rel}","templated":true}]}}